{"id":11587,"date":"2024-12-30T09:41:23","date_gmt":"2024-12-30T08:41:23","guid":{"rendered":"https:\/\/calefon.es\/?p=11587"},"modified":"2025-01-24T09:47:34","modified_gmt":"2025-01-24T08:47:34","slug":"duplicar-a-vida-util-de-telemoveis-e-portateis-evitaria-emissoes-de-co%e2%82%82-equivalentes-as-geradas-por-17-000-carros-num-ano","status":"publish","type":"post","link":"https:\/\/calefon.es\/pt-pt\/duplicar-a-vida-util-de-telemoveis-e-portateis-evitaria-emissoes-de-co%e2%82%82-equivalentes-as-geradas-por-17-000-carros-num-ano\/","title":{"rendered":"Duplicar a vida \u00fatil de telem\u00f3veis e port\u00e1teis evitaria emiss\u00f5es de CO\u2082 equivalentes \u00e0s geradas por 17.000 carros num ano"},"content":{"rendered":"<p>A vida \u00fatil de um telem\u00f3vel em Espanha \u00e9 de tr\u00eas anos e meio. A de um port\u00e1til, de seis. Se fossem duplicadas, a atmosfera economizaria o impacto de 28 milh\u00f5es de toneladas de di\u00f3xido de carbono: o equivalente ao que emitem 17.000 carros num ano. \u00c9 o que calcula o relat\u00f3rio <strong>\u201cAlargasc\u00eancia: benef\u00edcios ambientais de prolongar a vida \u00fatil de telem\u00f3veis e port\u00e1teis em Espanha\u201d<\/strong>, elaborado pela organiza\u00e7\u00e3o ambientalista Amigos da Terra, em colabora\u00e7\u00e3o com o Instituto de Energia e Efici\u00eancia de Recursos da Universidade de Sarago\u00e7a, e publicado no passado dia 28 de novembro.<\/p>\n<div class=\"flex-1 overflow-hidden @container\/thread\">\n<div class=\"h-full\">\n<div class=\"react-scroll-to-bottom--css-efpyl-79elbk h-full\">\n<div class=\"react-scroll-to-bottom--css-efpyl-1n7m0yu\">\n<div class=\"flex flex-col text-sm md:pb-9\">\n<article class=\"w-full scroll-mb-[var(--thread-trailing-height,150px)] text-token-text-primary focus-visible:outline-2 focus-visible:outline-offset-[-4px]\" dir=\"auto\" data-testid=\"conversation-turn-7\" data-scroll-anchor=\"true\">\n<div class=\"m-auto text-base py-[18px] px-3 md:px-4 w-full md:px-5 lg:px-4 xl:px-5\">\n<div class=\"mx-auto flex flex-1 gap-4 text-base md:gap-5 lg:gap-6 md:max-w-3xl\">\n<div class=\"group\/conversation-turn relative flex w-full min-w-0 flex-col agent-turn\">\n<div class=\"flex-col gap-1 md:gap-3\">\n<div class=\"flex max-w-full flex-col flex-grow\">\n<div class=\"min-h-8 text-message flex w-full flex-col items-end gap-2 whitespace-normal break-words text-start [.text-message+&amp;]:mt-5\" dir=\"auto\" data-message-author-role=\"assistant\" data-message-id=\"eb3dcdad-26e3-4b71-80a7-33680407921d\" data-message-model-slug=\"gpt-4o-mini\">\n<div class=\"flex w-full flex-col gap-1 empty:hidden first:pt-[3px]\">\n<div class=\"markdown prose w-full break-words dark:prose-invert light\">\n<p>Al\u00e9m da redu\u00e7\u00e3o dos gases de efeito de estufa, o estudo sublinha que um modelo de produ\u00e7\u00e3o baseado na alargasc\u00eancia \u2014 prolongar a vida dos objetos de consumo \u2014 e n\u00e3o na obsolesc\u00eancia, teria, por sua vez, um impacto positivo na poupan\u00e7a de energia e na redu\u00e7\u00e3o da minera\u00e7\u00e3o. A cada ano de vida \u00fatil adicional a um telem\u00f3vel, o consumo energ\u00e9tico entre 2024 e 2040 reduzir-se-ia em 1.389 GWh, o equivalente ao consumo de uma cidade como Sarago\u00e7a num ano.<\/p>\n<p>O relat\u00f3rio tamb\u00e9m prop\u00f5e um cen\u00e1rio ideal em que n\u00e3o s\u00f3 se prolongue o funcionamento dos dispositivos novos, mas tamb\u00e9m o dos que j\u00e1 est\u00e3o em circula\u00e7\u00e3o. Nesse contexto, a redu\u00e7\u00e3o do consumo de l\u00edtio aumentaria quase 20% e a de cobalto cerca de 16%.<\/p>\n<p>No entanto, o impacto ecol\u00f3gico seria muito maior se considerarmos todos os outros minerais necess\u00e1rios para a produ\u00e7\u00e3o desses dispositivos. A placa eletr\u00f3nica de um telem\u00f3vel cont\u00e9m quase metade dos elementos da tabela peri\u00f3dica. Isso torna as baterias produtos altamente poluentes, especialmente nas regi\u00f5es onde os metais s\u00e3o extra\u00eddos. O magn\u00e9sio que se pouparia se a vida \u00fatil dos telem\u00f3veis espanh\u00f3is fosse prolongada por um ano equivale ao necess\u00e1rio para quase 15 parques e\u00f3licos que abastecem 20.000 fam\u00edlias com energia limpa.<\/p>\n<p>Os autores do relat\u00f3rio destacam a import\u00e2ncia de desenvolver uma mudan\u00e7a no modelo produtivo que permita \u201ceconomizar minerais escassos e necess\u00e1rios para cobrir outras necessidades relacionadas com o fim dos combust\u00edveis f\u00f3sseis\u201d. E apontam contra a obsolesc\u00eancia programada. Uma das ferramentas que consideram \u00fateis para desenvolver este modelo \u00e9 atrav\u00e9s da penaliza\u00e7\u00e3o, citando o exemplo franc\u00eas, onde, desde 2015, se \u201cpenaliza esta pr\u00e1tica com at\u00e9 dois anos de pris\u00e3o e multas de 300.000\u201d euros.<\/p>\n<\/div>\n<\/div>\n<\/div>\n<\/div>\n<div class=\"mb-2 flex gap-3 empty:hidden -ml-2\">\n<div class=\"items-center justify-start rounded-xl p-1 flex\">\n<div class=\"flex items-center\"><\/div>\n<\/div>\n<\/div>\n<div class=\"pr-2 lg:pr-0\"><\/div>\n<div class=\"mt-3 w-full empty:hidden\">\n<div class=\"text-center\"><\/div>\n<\/div>\n<\/div>\n<div class=\"absolute\">\n<div class=\"flex items-center justify-center\"><\/div>\n<\/div>\n<\/div>\n<\/div>\n<\/div>\n<\/article>\n<\/div>\n<\/div>\n<\/div>\n<\/div>\n<\/div>\n<div class=\"md:pt-0 dark:border-white\/20 md:border-transparent md:dark:border-transparent w-full\">\n<div>\n<div class=\"m-auto text-base px-3 md:px-4 w-full md:px-5 lg:px-4 xl:px-5\">\n<div class=\"mx-auto flex flex-1 gap-4 text-base md:gap-5 lg:gap-6 md:max-w-3xl\">\n<div class=\"flex justify-center\"><\/div>\n<\/div>\n<\/div>\n<\/div>\n<\/div>\n","protected":false},"excerpt":{"rendered":"<p>A vida \u00fatil de um telem\u00f3vel em Espanha \u00e9 de tr\u00eas anos e meio. A de um port\u00e1til, de seis. Se fossem duplicadas, a atmosfera economizaria o impacto de 28 milh\u00f5es de toneladas de di\u00f3xido de carbono: o equivalente ao que emitem 17.000 carros num ano. \u00c9 o que calcula o relat\u00f3rio \u201cAlargasc\u00eancia: benef\u00edcios ambientais [&hellip;]<\/p>\n","protected":false},"author":3,"featured_media":11579,"comment_status":"open","ping_status":"open","sticky":false,"template":"","format":"standard","meta":{"_et_pb_use_builder":"","_et_pb_old_content":"","_et_gb_content_width":"","footnotes":""},"categories":[104],"tags":[],"class_list":["post-11587","post","type-post","status-publish","format-standard","has-post-thumbnail","hentry","category-sustentavel"],"yoast_head":"<!-- This site is optimized with the Yoast SEO plugin v25.1 - https:\/\/yoast.com\/wordpress\/plugins\/seo\/ -->\n<title>Duplicar a vida \u00fatil de telem\u00f3veis e port\u00e1teis evitaria emiss\u00f5es de CO\u2082 equivalentes \u00e0s geradas por 17.000 carros num ano - Calef\u00f3n<\/title>\n<meta name=\"description\" content=\"A vida \u00fatil de um telem\u00f3vel em Espanha \u00e9 de tr\u00eas anos e meio. A de um port\u00e1til, de seis. Se fossem duplicadas, a atmosfera economizaria o impacto de 28 milh\u00f5es de toneladas de di\u00f3xido de carbono\" \/>\n<meta name=\"robots\" content=\"index, follow, max-snippet:-1, max-image-preview:large, max-video-preview:-1\" \/>\n<link rel=\"canonical\" href=\"https:\/\/calefon.es\/pt-pt\/duplicar-a-vida-util-de-telemoveis-e-portateis-evitaria-emissoes-de-co%e2%82%82-equivalentes-as-geradas-por-17-000-carros-num-ano\/\" \/>\n<meta property=\"og:locale\" content=\"pt_PT\" \/>\n<meta property=\"og:type\" content=\"article\" \/>\n<meta property=\"og:title\" content=\"Duplicar a vida \u00fatil de telem\u00f3veis e port\u00e1teis evitaria emiss\u00f5es de CO\u2082 equivalentes \u00e0s geradas por 17.000 carros num ano - Calef\u00f3n\" \/>\n<meta property=\"og:description\" content=\"A vida \u00fatil de um telem\u00f3vel em Espanha \u00e9 de tr\u00eas anos e meio. A de um port\u00e1til, de seis. Se fossem duplicadas, a atmosfera economizaria o impacto de 28 milh\u00f5es de toneladas de di\u00f3xido de carbono\" \/>\n<meta property=\"og:url\" content=\"https:\/\/calefon.es\/pt-pt\/duplicar-a-vida-util-de-telemoveis-e-portateis-evitaria-emissoes-de-co%e2%82%82-equivalentes-as-geradas-por-17-000-carros-num-ano\/\" \/>\n<meta property=\"og:site_name\" content=\"Calef\u00f3n\" \/>\n<meta property=\"article:published_time\" content=\"2024-12-30T08:41:23+00:00\" \/>\n<meta property=\"article:modified_time\" content=\"2025-01-24T08:47:34+00:00\" \/>\n<meta property=\"og:image\" content=\"https:\/\/calefon.es\/wp-content\/uploads\/2024\/12\/NOTICIA-portatil-WEB.jpg\" \/>\n\t<meta property=\"og:image:width\" content=\"2238\" \/>\n\t<meta property=\"og:image:height\" content=\"1268\" \/>\n\t<meta property=\"og:image:type\" content=\"image\/jpeg\" \/>\n<meta name=\"author\" content=\"mariam@calefon.es\" \/>\n<meta name=\"twitter:card\" content=\"summary_large_image\" \/>\n<meta name=\"twitter:label1\" content=\"Escrito por\" \/>\n\t<meta name=\"twitter:data1\" content=\"mariam@calefon.es\" \/>\n\t<meta name=\"twitter:label2\" content=\"Tempo estimado de leitura\" \/>\n\t<meta name=\"twitter:data2\" content=\"2 minutos\" \/>\n<script type=\"application\/ld+json\" class=\"yoast-schema-graph\">{\"@context\":\"https:\/\/schema.org\",\"@graph\":[{\"@type\":\"WebPage\",\"@id\":\"https:\/\/calefon.es\/pt-pt\/duplicar-a-vida-util-de-telemoveis-e-portateis-evitaria-emissoes-de-co%e2%82%82-equivalentes-as-geradas-por-17-000-carros-num-ano\/\",\"url\":\"https:\/\/calefon.es\/pt-pt\/duplicar-a-vida-util-de-telemoveis-e-portateis-evitaria-emissoes-de-co%e2%82%82-equivalentes-as-geradas-por-17-000-carros-num-ano\/\",\"name\":\"Duplicar a vida \u00fatil de telem\u00f3veis e port\u00e1teis evitaria emiss\u00f5es de CO\u2082 equivalentes \u00e0s geradas por 17.000 carros num ano - Calef\u00f3n\",\"isPartOf\":{\"@id\":\"https:\/\/calefon.es\/pt-pt\/#website\"},\"primaryImageOfPage\":{\"@id\":\"https:\/\/calefon.es\/pt-pt\/duplicar-a-vida-util-de-telemoveis-e-portateis-evitaria-emissoes-de-co%e2%82%82-equivalentes-as-geradas-por-17-000-carros-num-ano\/#primaryimage\"},\"image\":{\"@id\":\"https:\/\/calefon.es\/pt-pt\/duplicar-a-vida-util-de-telemoveis-e-portateis-evitaria-emissoes-de-co%e2%82%82-equivalentes-as-geradas-por-17-000-carros-num-ano\/#primaryimage\"},\"thumbnailUrl\":\"https:\/\/calefon.es\/wp-content\/uploads\/2024\/12\/NOTICIA-portatil-WEB.jpg\",\"datePublished\":\"2024-12-30T08:41:23+00:00\",\"dateModified\":\"2025-01-24T08:47:34+00:00\",\"author\":{\"@id\":\"https:\/\/calefon.es\/pt-pt\/#\/schema\/person\/78ba76066466424d5ec1ddad6febfdf1\"},\"description\":\"A vida \u00fatil de um telem\u00f3vel em Espanha \u00e9 de tr\u00eas anos e meio. A de um port\u00e1til, de seis. Se fossem duplicadas, a atmosfera economizaria o impacto de 28 milh\u00f5es de toneladas de di\u00f3xido de carbono\",\"breadcrumb\":{\"@id\":\"https:\/\/calefon.es\/pt-pt\/duplicar-a-vida-util-de-telemoveis-e-portateis-evitaria-emissoes-de-co%e2%82%82-equivalentes-as-geradas-por-17-000-carros-num-ano\/#breadcrumb\"},\"inLanguage\":\"pt-PT\",\"potentialAction\":[{\"@type\":\"ReadAction\",\"target\":[\"https:\/\/calefon.es\/pt-pt\/duplicar-a-vida-util-de-telemoveis-e-portateis-evitaria-emissoes-de-co%e2%82%82-equivalentes-as-geradas-por-17-000-carros-num-ano\/\"]}]},{\"@type\":\"ImageObject\",\"inLanguage\":\"pt-PT\",\"@id\":\"https:\/\/calefon.es\/pt-pt\/duplicar-a-vida-util-de-telemoveis-e-portateis-evitaria-emissoes-de-co%e2%82%82-equivalentes-as-geradas-por-17-000-carros-num-ano\/#primaryimage\",\"url\":\"https:\/\/calefon.es\/wp-content\/uploads\/2024\/12\/NOTICIA-portatil-WEB.jpg\",\"contentUrl\":\"https:\/\/calefon.es\/wp-content\/uploads\/2024\/12\/NOTICIA-portatil-WEB.jpg\",\"width\":2238,\"height\":1268},{\"@type\":\"BreadcrumbList\",\"@id\":\"https:\/\/calefon.es\/pt-pt\/duplicar-a-vida-util-de-telemoveis-e-portateis-evitaria-emissoes-de-co%e2%82%82-equivalentes-as-geradas-por-17-000-carros-num-ano\/#breadcrumb\",\"itemListElement\":[{\"@type\":\"ListItem\",\"position\":1,\"name\":\"Home\",\"item\":\"https:\/\/calefon.es\/pt-pt\/\"},{\"@type\":\"ListItem\",\"position\":2,\"name\":\"Duplicar a vida \u00fatil de telem\u00f3veis e port\u00e1teis evitaria emiss\u00f5es de CO\u2082 equivalentes \u00e0s geradas por 17.000 carros num ano\"}]},{\"@type\":\"WebSite\",\"@id\":\"https:\/\/calefon.es\/pt-pt\/#website\",\"url\":\"https:\/\/calefon.es\/pt-pt\/\",\"name\":\"Calef\u00f3n\",\"description\":\"\",\"potentialAction\":[{\"@type\":\"SearchAction\",\"target\":{\"@type\":\"EntryPoint\",\"urlTemplate\":\"https:\/\/calefon.es\/pt-pt\/?s={search_term_string}\"},\"query-input\":{\"@type\":\"PropertyValueSpecification\",\"valueRequired\":true,\"valueName\":\"search_term_string\"}}],\"inLanguage\":\"pt-PT\"},{\"@type\":\"Person\",\"@id\":\"https:\/\/calefon.es\/pt-pt\/#\/schema\/person\/78ba76066466424d5ec1ddad6febfdf1\",\"name\":\"mariam@calefon.es\",\"image\":{\"@type\":\"ImageObject\",\"inLanguage\":\"pt-PT\",\"@id\":\"https:\/\/calefon.es\/pt-pt\/#\/schema\/person\/image\/\",\"url\":\"https:\/\/secure.gravatar.com\/avatar\/8d674f802291b9c59e84e87204e3eb72c8cf8fb837b707faee42712c33066788?s=96&d=mm&r=g\",\"contentUrl\":\"https:\/\/secure.gravatar.com\/avatar\/8d674f802291b9c59e84e87204e3eb72c8cf8fb837b707faee42712c33066788?s=96&d=mm&r=g\",\"caption\":\"mariam@calefon.es\"},\"url\":\"https:\/\/calefon.es\/pt-pt\/author\/mariamcalefon-es\/\"}]}<\/script>\n<!-- \/ Yoast SEO plugin. -->","yoast_head_json":{"title":"Duplicar a vida \u00fatil de telem\u00f3veis e port\u00e1teis evitaria emiss\u00f5es de CO\u2082 equivalentes \u00e0s geradas por 17.000 carros num ano - Calef\u00f3n","description":"A vida \u00fatil de um telem\u00f3vel em Espanha \u00e9 de tr\u00eas anos e meio. A de um port\u00e1til, de seis. Se fossem duplicadas, a atmosfera economizaria o impacto de 28 milh\u00f5es de toneladas de di\u00f3xido de carbono","robots":{"index":"index","follow":"follow","max-snippet":"max-snippet:-1","max-image-preview":"max-image-preview:large","max-video-preview":"max-video-preview:-1"},"canonical":"https:\/\/calefon.es\/pt-pt\/duplicar-a-vida-util-de-telemoveis-e-portateis-evitaria-emissoes-de-co%e2%82%82-equivalentes-as-geradas-por-17-000-carros-num-ano\/","og_locale":"pt_PT","og_type":"article","og_title":"Duplicar a vida \u00fatil de telem\u00f3veis e port\u00e1teis evitaria emiss\u00f5es de CO\u2082 equivalentes \u00e0s geradas por 17.000 carros num ano - Calef\u00f3n","og_description":"A vida \u00fatil de um telem\u00f3vel em Espanha \u00e9 de tr\u00eas anos e meio. A de um port\u00e1til, de seis. Se fossem duplicadas, a atmosfera economizaria o impacto de 28 milh\u00f5es de toneladas de di\u00f3xido de carbono","og_url":"https:\/\/calefon.es\/pt-pt\/duplicar-a-vida-util-de-telemoveis-e-portateis-evitaria-emissoes-de-co%e2%82%82-equivalentes-as-geradas-por-17-000-carros-num-ano\/","og_site_name":"Calef\u00f3n","article_published_time":"2024-12-30T08:41:23+00:00","article_modified_time":"2025-01-24T08:47:34+00:00","og_image":[{"width":2238,"height":1268,"url":"https:\/\/calefon.es\/wp-content\/uploads\/2024\/12\/NOTICIA-portatil-WEB.jpg","type":"image\/jpeg"}],"author":"mariam@calefon.es","twitter_card":"summary_large_image","twitter_misc":{"Escrito por":"mariam@calefon.es","Tempo estimado de leitura":"2 minutos"},"schema":{"@context":"https:\/\/schema.org","@graph":[{"@type":"WebPage","@id":"https:\/\/calefon.es\/pt-pt\/duplicar-a-vida-util-de-telemoveis-e-portateis-evitaria-emissoes-de-co%e2%82%82-equivalentes-as-geradas-por-17-000-carros-num-ano\/","url":"https:\/\/calefon.es\/pt-pt\/duplicar-a-vida-util-de-telemoveis-e-portateis-evitaria-emissoes-de-co%e2%82%82-equivalentes-as-geradas-por-17-000-carros-num-ano\/","name":"Duplicar a vida \u00fatil de telem\u00f3veis e port\u00e1teis evitaria emiss\u00f5es de CO\u2082 equivalentes \u00e0s geradas por 17.000 carros num ano - Calef\u00f3n","isPartOf":{"@id":"https:\/\/calefon.es\/pt-pt\/#website"},"primaryImageOfPage":{"@id":"https:\/\/calefon.es\/pt-pt\/duplicar-a-vida-util-de-telemoveis-e-portateis-evitaria-emissoes-de-co%e2%82%82-equivalentes-as-geradas-por-17-000-carros-num-ano\/#primaryimage"},"image":{"@id":"https:\/\/calefon.es\/pt-pt\/duplicar-a-vida-util-de-telemoveis-e-portateis-evitaria-emissoes-de-co%e2%82%82-equivalentes-as-geradas-por-17-000-carros-num-ano\/#primaryimage"},"thumbnailUrl":"https:\/\/calefon.es\/wp-content\/uploads\/2024\/12\/NOTICIA-portatil-WEB.jpg","datePublished":"2024-12-30T08:41:23+00:00","dateModified":"2025-01-24T08:47:34+00:00","author":{"@id":"https:\/\/calefon.es\/pt-pt\/#\/schema\/person\/78ba76066466424d5ec1ddad6febfdf1"},"description":"A vida \u00fatil de um telem\u00f3vel em Espanha \u00e9 de tr\u00eas anos e meio. A de um port\u00e1til, de seis. Se fossem duplicadas, a atmosfera economizaria o impacto de 28 milh\u00f5es de toneladas de di\u00f3xido de carbono","breadcrumb":{"@id":"https:\/\/calefon.es\/pt-pt\/duplicar-a-vida-util-de-telemoveis-e-portateis-evitaria-emissoes-de-co%e2%82%82-equivalentes-as-geradas-por-17-000-carros-num-ano\/#breadcrumb"},"inLanguage":"pt-PT","potentialAction":[{"@type":"ReadAction","target":["https:\/\/calefon.es\/pt-pt\/duplicar-a-vida-util-de-telemoveis-e-portateis-evitaria-emissoes-de-co%e2%82%82-equivalentes-as-geradas-por-17-000-carros-num-ano\/"]}]},{"@type":"ImageObject","inLanguage":"pt-PT","@id":"https:\/\/calefon.es\/pt-pt\/duplicar-a-vida-util-de-telemoveis-e-portateis-evitaria-emissoes-de-co%e2%82%82-equivalentes-as-geradas-por-17-000-carros-num-ano\/#primaryimage","url":"https:\/\/calefon.es\/wp-content\/uploads\/2024\/12\/NOTICIA-portatil-WEB.jpg","contentUrl":"https:\/\/calefon.es\/wp-content\/uploads\/2024\/12\/NOTICIA-portatil-WEB.jpg","width":2238,"height":1268},{"@type":"BreadcrumbList","@id":"https:\/\/calefon.es\/pt-pt\/duplicar-a-vida-util-de-telemoveis-e-portateis-evitaria-emissoes-de-co%e2%82%82-equivalentes-as-geradas-por-17-000-carros-num-ano\/#breadcrumb","itemListElement":[{"@type":"ListItem","position":1,"name":"Home","item":"https:\/\/calefon.es\/pt-pt\/"},{"@type":"ListItem","position":2,"name":"Duplicar a vida \u00fatil de telem\u00f3veis e port\u00e1teis evitaria emiss\u00f5es de CO\u2082 equivalentes \u00e0s geradas por 17.000 carros num ano"}]},{"@type":"WebSite","@id":"https:\/\/calefon.es\/pt-pt\/#website","url":"https:\/\/calefon.es\/pt-pt\/","name":"Calef\u00f3n","description":"","potentialAction":[{"@type":"SearchAction","target":{"@type":"EntryPoint","urlTemplate":"https:\/\/calefon.es\/pt-pt\/?s={search_term_string}"},"query-input":{"@type":"PropertyValueSpecification","valueRequired":true,"valueName":"search_term_string"}}],"inLanguage":"pt-PT"},{"@type":"Person","@id":"https:\/\/calefon.es\/pt-pt\/#\/schema\/person\/78ba76066466424d5ec1ddad6febfdf1","name":"mariam@calefon.es","image":{"@type":"ImageObject","inLanguage":"pt-PT","@id":"https:\/\/calefon.es\/pt-pt\/#\/schema\/person\/image\/","url":"https:\/\/secure.gravatar.com\/avatar\/8d674f802291b9c59e84e87204e3eb72c8cf8fb837b707faee42712c33066788?s=96&d=mm&r=g","contentUrl":"https:\/\/secure.gravatar.com\/avatar\/8d674f802291b9c59e84e87204e3eb72c8cf8fb837b707faee42712c33066788?s=96&d=mm&r=g","caption":"mariam@calefon.es"},"url":"https:\/\/calefon.es\/pt-pt\/author\/mariamcalefon-es\/"}]}},"_links":{"self":[{"href":"https:\/\/calefon.es\/pt-pt\/wp-json\/wp\/v2\/posts\/11587","targetHints":{"allow":["GET"]}}],"collection":[{"href":"https:\/\/calefon.es\/pt-pt\/wp-json\/wp\/v2\/posts"}],"about":[{"href":"https:\/\/calefon.es\/pt-pt\/wp-json\/wp\/v2\/types\/post"}],"author":[{"embeddable":true,"href":"https:\/\/calefon.es\/pt-pt\/wp-json\/wp\/v2\/users\/3"}],"replies":[{"embeddable":true,"href":"https:\/\/calefon.es\/pt-pt\/wp-json\/wp\/v2\/comments?post=11587"}],"version-history":[{"count":1,"href":"https:\/\/calefon.es\/pt-pt\/wp-json\/wp\/v2\/posts\/11587\/revisions"}],"predecessor-version":[{"id":11588,"href":"https:\/\/calefon.es\/pt-pt\/wp-json\/wp\/v2\/posts\/11587\/revisions\/11588"}],"wp:featuredmedia":[{"embeddable":true,"href":"https:\/\/calefon.es\/pt-pt\/wp-json\/wp\/v2\/media\/11579"}],"wp:attachment":[{"href":"https:\/\/calefon.es\/pt-pt\/wp-json\/wp\/v2\/media?parent=11587"}],"wp:term":[{"taxonomy":"category","embeddable":true,"href":"https:\/\/calefon.es\/pt-pt\/wp-json\/wp\/v2\/categories?post=11587"},{"taxonomy":"post_tag","embeddable":true,"href":"https:\/\/calefon.es\/pt-pt\/wp-json\/wp\/v2\/tags?post=11587"}],"curies":[{"name":"wp","href":"https:\/\/api.w.org\/{rel}","templated":true}]}}