{"id":4408,"date":"2022-12-23T09:46:23","date_gmt":"2022-12-23T08:46:23","guid":{"rendered":"https:\/\/calefon.es\/total-black-na-casa-de-banho-da-tendencia-ao-basico\/"},"modified":"2022-12-23T09:46:23","modified_gmt":"2022-12-23T08:46:23","slug":"total-black-na-casa-de-banho-da-tendencia-ao-basico","status":"publish","type":"post","link":"https:\/\/calefon.es\/pt-pt\/total-black-na-casa-de-banho-da-tendencia-ao-basico\/","title":{"rendered":"Total Black na casa de banho: da tend\u00eancia ao b\u00e1sico."},"content":{"rendered":"<p>Todos os anos surgem novas cores e materiais que oferecem a oportunidade de fazer coisas originais e diferentes. Em muitos casos, sua dura\u00e7\u00e3o no mercado \u00e9 curta, mas em outros casos seu sucesso est\u00e1 apenas come\u00e7ando.<br \/>\n\u00c9 o caso do acabamento preto das pe\u00e7as de casa de banho.<\/p>\n<p>\u00c9 cada vez mais f\u00e1cil encontrar torneiras pretas, conjuntos de duche, acess\u00f3rios, prote\u00e7aos de duche, sif\u00f5es, v\u00e1lvulas e, finalmente, todos os produtos que podemos instalar na casa de banho.<\/p>\n<p>Para ajudar a todos os amantes do Total Black a escolher e reunir as pe\u00e7as necess\u00e1rias para seu novo banheiro, a Calef\u00f3n lan\u00e7a um pequeno cat\u00e1logo com eles.<br \/>\nPe\u00e7as que se encontram em stock ou que t\u00eam uma disponibilidade muito r\u00e1pida.<\/p>\n<p>Ser\u00e1 sem d\u00favida um cat\u00e1logo que crescer\u00e1 nos pr\u00f3ximos meses e que ser\u00e1 uma c\u00f3moda ferramenta de trabalho para desenhistas e instaladores.<\/p>\n<p>Se voc\u00ea quiser o PDF, pode solicit\u00e1-lo por e-mail: <a href=\"mailto:marketing@calefon.es\">marketing@calefon.es<\/a>.<\/p>\n","protected":false},"excerpt":{"rendered":"<p>Todos os anos surgem novas cores e materiais que oferecem a oportunidade de fazer coisas originais e diferentes. Em muitos casos, sua dura\u00e7\u00e3o no mercado \u00e9 curta, mas em outros casos seu sucesso est\u00e1 apenas come\u00e7ando. \u00c9 o caso do acabamento preto das pe\u00e7as de casa de banho. \u00c9 cada vez mais f\u00e1cil encontrar torneiras [&hellip;]<\/p>\n","protected":false},"author":3,"featured_media":3841,"comment_status":"open","ping_status":"open","sticky":false,"template":"","format":"standard","meta":{"_et_pb_use_builder":"","_et_pb_old_content":"","_et_gb_content_width":"","footnotes":""},"categories":[68],"tags":[100,99],"class_list":["post-4408","post","type-post","status-publish","format-standard","has-post-thumbnail","hentry","category-o-que-ler","tag-protecaos-de-duche-em-preto","tag-torneiras-em-preto"],"yoast_head":"<!-- This site is optimized with the Yoast SEO plugin v25.1 - https:\/\/yoast.com\/wordpress\/plugins\/seo\/ -->\n<title>Total Black na casa de banho: da tend\u00eancia ao b\u00e1sico. - Calef\u00f3n<\/title>\n<meta name=\"description\" content=\"Todos os acess\u00f3rios de banho pretos \u00e0 sua disposi\u00e7\u00e3o em Calef\u00f3n.\" \/>\n<meta name=\"robots\" content=\"index, follow, max-snippet:-1, max-image-preview:large, max-video-preview:-1\" \/>\n<link rel=\"canonical\" href=\"https:\/\/calefon.es\/pt-pt\/total-black-na-casa-de-banho-da-tendencia-ao-basico\/\" \/>\n<meta property=\"og:locale\" content=\"pt_PT\" \/>\n<meta property=\"og:type\" content=\"article\" \/>\n<meta property=\"og:title\" content=\"Total Black na casa de banho: da tend\u00eancia ao b\u00e1sico. - Calef\u00f3n\" \/>\n<meta property=\"og:description\" content=\"Todos os acess\u00f3rios de banho pretos \u00e0 sua disposi\u00e7\u00e3o em Calef\u00f3n.\" \/>\n<meta property=\"og:url\" content=\"https:\/\/calefon.es\/pt-pt\/total-black-na-casa-de-banho-da-tendencia-ao-basico\/\" \/>\n<meta property=\"og:site_name\" content=\"Calef\u00f3n\" \/>\n<meta property=\"article:published_time\" content=\"2022-12-23T08:46:23+00:00\" \/>\n<meta property=\"og:image\" content=\"https:\/\/calefon.es\/wp-content\/uploads\/2022\/12\/lavabo_grifo_bano_color_negro.jpg\" \/>\n\t<meta property=\"og:image:width\" content=\"1000\" \/>\n\t<meta property=\"og:image:height\" content=\"655\" \/>\n\t<meta property=\"og:image:type\" content=\"image\/jpeg\" \/>\n<meta name=\"author\" content=\"mariam@calefon.es\" \/>\n<meta name=\"twitter:card\" content=\"summary_large_image\" \/>\n<meta name=\"twitter:label1\" content=\"Escrito por\" \/>\n\t<meta name=\"twitter:data1\" content=\"mariam@calefon.es\" \/>\n\t<meta name=\"twitter:label2\" content=\"Tempo estimado de leitura\" \/>\n\t<meta name=\"twitter:data2\" content=\"1 minuto\" \/>\n<script type=\"application\/ld+json\" class=\"yoast-schema-graph\">{\"@context\":\"https:\/\/schema.org\",\"@graph\":[{\"@type\":\"WebPage\",\"@id\":\"https:\/\/calefon.es\/pt-pt\/total-black-na-casa-de-banho-da-tendencia-ao-basico\/\",\"url\":\"https:\/\/calefon.es\/pt-pt\/total-black-na-casa-de-banho-da-tendencia-ao-basico\/\",\"name\":\"Total Black na casa de banho: da tend\u00eancia ao b\u00e1sico. - Calef\u00f3n\",\"isPartOf\":{\"@id\":\"https:\/\/calefon.es\/pt-pt\/#website\"},\"primaryImageOfPage\":{\"@id\":\"https:\/\/calefon.es\/pt-pt\/total-black-na-casa-de-banho-da-tendencia-ao-basico\/#primaryimage\"},\"image\":{\"@id\":\"https:\/\/calefon.es\/pt-pt\/total-black-na-casa-de-banho-da-tendencia-ao-basico\/#primaryimage\"},\"thumbnailUrl\":\"https:\/\/calefon.es\/wp-content\/uploads\/2022\/12\/lavabo_grifo_bano_color_negro.jpg\",\"datePublished\":\"2022-12-23T08:46:23+00:00\",\"author\":{\"@id\":\"https:\/\/calefon.es\/pt-pt\/#\/schema\/person\/78ba76066466424d5ec1ddad6febfdf1\"},\"description\":\"Todos os acess\u00f3rios de banho pretos \u00e0 sua disposi\u00e7\u00e3o em Calef\u00f3n.\",\"breadcrumb\":{\"@id\":\"https:\/\/calefon.es\/pt-pt\/total-black-na-casa-de-banho-da-tendencia-ao-basico\/#breadcrumb\"},\"inLanguage\":\"pt-PT\",\"potentialAction\":[{\"@type\":\"ReadAction\",\"target\":[\"https:\/\/calefon.es\/pt-pt\/total-black-na-casa-de-banho-da-tendencia-ao-basico\/\"]}]},{\"@type\":\"ImageObject\",\"inLanguage\":\"pt-PT\",\"@id\":\"https:\/\/calefon.es\/pt-pt\/total-black-na-casa-de-banho-da-tendencia-ao-basico\/#primaryimage\",\"url\":\"https:\/\/calefon.es\/wp-content\/uploads\/2022\/12\/lavabo_grifo_bano_color_negro.jpg\",\"contentUrl\":\"https:\/\/calefon.es\/wp-content\/uploads\/2022\/12\/lavabo_grifo_bano_color_negro.jpg\",\"width\":1000,\"height\":655},{\"@type\":\"BreadcrumbList\",\"@id\":\"https:\/\/calefon.es\/pt-pt\/total-black-na-casa-de-banho-da-tendencia-ao-basico\/#breadcrumb\",\"itemListElement\":[{\"@type\":\"ListItem\",\"position\":1,\"name\":\"Home\",\"item\":\"https:\/\/calefon.es\/pt-pt\/\"},{\"@type\":\"ListItem\",\"position\":2,\"name\":\"Total Black na casa de banho: da tend\u00eancia ao b\u00e1sico.\"}]},{\"@type\":\"WebSite\",\"@id\":\"https:\/\/calefon.es\/pt-pt\/#website\",\"url\":\"https:\/\/calefon.es\/pt-pt\/\",\"name\":\"Calef\u00f3n\",\"description\":\"\",\"potentialAction\":[{\"@type\":\"SearchAction\",\"target\":{\"@type\":\"EntryPoint\",\"urlTemplate\":\"https:\/\/calefon.es\/pt-pt\/?s={search_term_string}\"},\"query-input\":{\"@type\":\"PropertyValueSpecification\",\"valueRequired\":true,\"valueName\":\"search_term_string\"}}],\"inLanguage\":\"pt-PT\"},{\"@type\":\"Person\",\"@id\":\"https:\/\/calefon.es\/pt-pt\/#\/schema\/person\/78ba76066466424d5ec1ddad6febfdf1\",\"name\":\"mariam@calefon.es\",\"image\":{\"@type\":\"ImageObject\",\"inLanguage\":\"pt-PT\",\"@id\":\"https:\/\/calefon.es\/pt-pt\/#\/schema\/person\/image\/\",\"url\":\"https:\/\/secure.gravatar.com\/avatar\/8d674f802291b9c59e84e87204e3eb72c8cf8fb837b707faee42712c33066788?s=96&d=mm&r=g\",\"contentUrl\":\"https:\/\/secure.gravatar.com\/avatar\/8d674f802291b9c59e84e87204e3eb72c8cf8fb837b707faee42712c33066788?s=96&d=mm&r=g\",\"caption\":\"mariam@calefon.es\"},\"url\":\"https:\/\/calefon.es\/pt-pt\/author\/mariamcalefon-es\/\"}]}<\/script>\n<!-- \/ Yoast SEO plugin. -->","yoast_head_json":{"title":"Total Black na casa de banho: da tend\u00eancia ao b\u00e1sico. - Calef\u00f3n","description":"Todos os acess\u00f3rios de banho pretos \u00e0 sua disposi\u00e7\u00e3o em Calef\u00f3n.","robots":{"index":"index","follow":"follow","max-snippet":"max-snippet:-1","max-image-preview":"max-image-preview:large","max-video-preview":"max-video-preview:-1"},"canonical":"https:\/\/calefon.es\/pt-pt\/total-black-na-casa-de-banho-da-tendencia-ao-basico\/","og_locale":"pt_PT","og_type":"article","og_title":"Total Black na casa de banho: da tend\u00eancia ao b\u00e1sico. - Calef\u00f3n","og_description":"Todos os acess\u00f3rios de banho pretos \u00e0 sua disposi\u00e7\u00e3o em Calef\u00f3n.","og_url":"https:\/\/calefon.es\/pt-pt\/total-black-na-casa-de-banho-da-tendencia-ao-basico\/","og_site_name":"Calef\u00f3n","article_published_time":"2022-12-23T08:46:23+00:00","og_image":[{"width":1000,"height":655,"url":"https:\/\/calefon.es\/wp-content\/uploads\/2022\/12\/lavabo_grifo_bano_color_negro.jpg","type":"image\/jpeg"}],"author":"mariam@calefon.es","twitter_card":"summary_large_image","twitter_misc":{"Escrito por":"mariam@calefon.es","Tempo estimado de leitura":"1 minuto"},"schema":{"@context":"https:\/\/schema.org","@graph":[{"@type":"WebPage","@id":"https:\/\/calefon.es\/pt-pt\/total-black-na-casa-de-banho-da-tendencia-ao-basico\/","url":"https:\/\/calefon.es\/pt-pt\/total-black-na-casa-de-banho-da-tendencia-ao-basico\/","name":"Total Black na casa de banho: da tend\u00eancia ao b\u00e1sico. - Calef\u00f3n","isPartOf":{"@id":"https:\/\/calefon.es\/pt-pt\/#website"},"primaryImageOfPage":{"@id":"https:\/\/calefon.es\/pt-pt\/total-black-na-casa-de-banho-da-tendencia-ao-basico\/#primaryimage"},"image":{"@id":"https:\/\/calefon.es\/pt-pt\/total-black-na-casa-de-banho-da-tendencia-ao-basico\/#primaryimage"},"thumbnailUrl":"https:\/\/calefon.es\/wp-content\/uploads\/2022\/12\/lavabo_grifo_bano_color_negro.jpg","datePublished":"2022-12-23T08:46:23+00:00","author":{"@id":"https:\/\/calefon.es\/pt-pt\/#\/schema\/person\/78ba76066466424d5ec1ddad6febfdf1"},"description":"Todos os acess\u00f3rios de banho pretos \u00e0 sua disposi\u00e7\u00e3o em Calef\u00f3n.","breadcrumb":{"@id":"https:\/\/calefon.es\/pt-pt\/total-black-na-casa-de-banho-da-tendencia-ao-basico\/#breadcrumb"},"inLanguage":"pt-PT","potentialAction":[{"@type":"ReadAction","target":["https:\/\/calefon.es\/pt-pt\/total-black-na-casa-de-banho-da-tendencia-ao-basico\/"]}]},{"@type":"ImageObject","inLanguage":"pt-PT","@id":"https:\/\/calefon.es\/pt-pt\/total-black-na-casa-de-banho-da-tendencia-ao-basico\/#primaryimage","url":"https:\/\/calefon.es\/wp-content\/uploads\/2022\/12\/lavabo_grifo_bano_color_negro.jpg","contentUrl":"https:\/\/calefon.es\/wp-content\/uploads\/2022\/12\/lavabo_grifo_bano_color_negro.jpg","width":1000,"height":655},{"@type":"BreadcrumbList","@id":"https:\/\/calefon.es\/pt-pt\/total-black-na-casa-de-banho-da-tendencia-ao-basico\/#breadcrumb","itemListElement":[{"@type":"ListItem","position":1,"name":"Home","item":"https:\/\/calefon.es\/pt-pt\/"},{"@type":"ListItem","position":2,"name":"Total Black na casa de banho: da tend\u00eancia ao b\u00e1sico."}]},{"@type":"WebSite","@id":"https:\/\/calefon.es\/pt-pt\/#website","url":"https:\/\/calefon.es\/pt-pt\/","name":"Calef\u00f3n","description":"","potentialAction":[{"@type":"SearchAction","target":{"@type":"EntryPoint","urlTemplate":"https:\/\/calefon.es\/pt-pt\/?s={search_term_string}"},"query-input":{"@type":"PropertyValueSpecification","valueRequired":true,"valueName":"search_term_string"}}],"inLanguage":"pt-PT"},{"@type":"Person","@id":"https:\/\/calefon.es\/pt-pt\/#\/schema\/person\/78ba76066466424d5ec1ddad6febfdf1","name":"mariam@calefon.es","image":{"@type":"ImageObject","inLanguage":"pt-PT","@id":"https:\/\/calefon.es\/pt-pt\/#\/schema\/person\/image\/","url":"https:\/\/secure.gravatar.com\/avatar\/8d674f802291b9c59e84e87204e3eb72c8cf8fb837b707faee42712c33066788?s=96&d=mm&r=g","contentUrl":"https:\/\/secure.gravatar.com\/avatar\/8d674f802291b9c59e84e87204e3eb72c8cf8fb837b707faee42712c33066788?s=96&d=mm&r=g","caption":"mariam@calefon.es"},"url":"https:\/\/calefon.es\/pt-pt\/author\/mariamcalefon-es\/"}]}},"_links":{"self":[{"href":"https:\/\/calefon.es\/pt-pt\/wp-json\/wp\/v2\/posts\/4408","targetHints":{"allow":["GET"]}}],"collection":[{"href":"https:\/\/calefon.es\/pt-pt\/wp-json\/wp\/v2\/posts"}],"about":[{"href":"https:\/\/calefon.es\/pt-pt\/wp-json\/wp\/v2\/types\/post"}],"author":[{"embeddable":true,"href":"https:\/\/calefon.es\/pt-pt\/wp-json\/wp\/v2\/users\/3"}],"replies":[{"embeddable":true,"href":"https:\/\/calefon.es\/pt-pt\/wp-json\/wp\/v2\/comments?post=4408"}],"version-history":[{"count":0,"href":"https:\/\/calefon.es\/pt-pt\/wp-json\/wp\/v2\/posts\/4408\/revisions"}],"wp:featuredmedia":[{"embeddable":true,"href":"https:\/\/calefon.es\/pt-pt\/wp-json\/wp\/v2\/media\/3841"}],"wp:attachment":[{"href":"https:\/\/calefon.es\/pt-pt\/wp-json\/wp\/v2\/media?parent=4408"}],"wp:term":[{"taxonomy":"category","embeddable":true,"href":"https:\/\/calefon.es\/pt-pt\/wp-json\/wp\/v2\/categories?post=4408"},{"taxonomy":"post_tag","embeddable":true,"href":"https:\/\/calefon.es\/pt-pt\/wp-json\/wp\/v2\/tags?post=4408"}],"curies":[{"name":"wp","href":"https:\/\/api.w.org\/{rel}","templated":true}]}}