{"id":9253,"date":"2024-07-18T08:30:34","date_gmt":"2024-07-18T06:30:34","guid":{"rendered":"https:\/\/calefon.es\/?p=9253"},"modified":"2024-07-18T08:41:17","modified_gmt":"2024-07-18T06:41:17","slug":"a-energia-solar-fotovoltaica-lidera-o-mix-eletrico-pela-primeira-vez-na-historia","status":"publish","type":"post","link":"https:\/\/calefon.es\/pt-pt\/a-energia-solar-fotovoltaica-lidera-o-mix-eletrico-pela-primeira-vez-na-historia\/","title":{"rendered":"A energia solar fotovoltaica lidera o \u2018mix\u2019 el\u00e9trico pela primeira vez na hist\u00f3ria"},"content":{"rendered":"<p>[et_pb_section fb_built=&#8221;1&#8243; admin_label=&#8221;section&#8221; _builder_version=&#8221;4.18.0&#8243; hover_enabled=&#8221;0&#8243; global_colors_info=&#8221;{}&#8221; theme_builder_area=&#8221;post_content&#8221; width=&#8221;100%&#8221; custom_margin=&#8221;|-36px||-36px|false|true&#8221; sticky_enabled=&#8221;0&#8243;][et_pb_row admin_label=&#8221;row&#8221; _builder_version=&#8221;4.18.0&#8243; background_size=&#8221;initial&#8221; background_position=&#8221;top_left&#8221; background_repeat=&#8221;repeat&#8221; hover_enabled=&#8221;0&#8243; global_colors_info=&#8221;{}&#8221; theme_builder_area=&#8221;post_content&#8221; custom_padding=&#8221;|0px||0px|true|true&#8221; custom_margin=&#8221;-82px|65px|-82px|65px|true|true&#8221; sticky_enabled=&#8221;0&#8243; width=&#8221;93.9%&#8221;][et_pb_column type=&#8221;4_4&#8243; _builder_version=&#8221;4.16&#8243; custom_padding=&#8221;|||&#8221; global_colors_info=&#8221;{}&#8221; custom_padding__hover=&#8221;|||&#8221; theme_builder_area=&#8221;post_content&#8221;][et_pb_text admin_label=&#8221;Text&#8221; _builder_version=&#8221;4.16&#8243; background_size=&#8221;initial&#8221; background_position=&#8221;top_left&#8221; background_repeat=&#8221;repeat&#8221; global_colors_info=&#8221;{}&#8221; theme_builder_area=&#8221;post_content&#8221; width=&#8221;100%&#8221; custom_padding=&#8221;|0px||||&#8221;]Pela primeira vez na hist\u00f3ria, a <strong>energia solar fotovoltaica<\/strong> tornou-se a <strong>tecnologia l\u00edder no mix de gera\u00e7\u00e3o espanhol<\/strong> <strong>em maio, com 23,8% do total<\/strong>, segundo dados da Red El\u00e9ctrica de Espa\u00f1a.<\/p>\n<p>Durante o m\u00eas, esta tecnologia<strong> produziu 5.098 gigawatts hora (GWh)<\/strong>, valor que representa um aumento de 31,6% face a maio de 2023, tornando-se assim num <strong>m\u00e1ximo hist\u00f3rico tanto de produ\u00e7\u00e3o como de quota.<\/strong><\/p>\n<p>Al\u00e9m disso, no dia 24 de maio, a central solar bateu o recorde de produ\u00e7\u00e3o di\u00e1ria com 199 GWh, o que representou uma quota de 29% do total<\/p>\n<p>Neste m\u00eas de maio, as renov\u00e1veis \u200b\u200b\u200b\u200bgeraram 13.520 GWh, mais 16,4% do que em maio do ano passado, e atingiram uma quota no total de 63%.<\/p>\n<p>A seguir \u00e0 solar fotovoltaica, <strong>a e\u00f3lica foi a segunda tecnologia com maior produ\u00e7\u00e3o de eletricidade em maio<\/strong>, com 20,2% do total; seguido do nuclear (16,5%), hidr\u00e1ulico (14,3%) e ciclos combinados (8,9%).<\/p>\n<p><strong>No acumulado do ano, a energia e\u00f3lica lidera a contribui\u00e7\u00e3o para o \u2018mix\u2019,<\/strong> com 25,2%; \u00e0 frente do nuclear (18,3%), hidr\u00e1ulica (16,9%), solar fotovoltaica (15,1%) e ciclos combinados (10,4%).<\/p>\n<p>Com este impulso das energias renov\u00e1veis, <strong>81,4% da eletricidade produzida em Espanha durante o m\u00eas de maio ficou isenta de emiss\u00f5es equivalentes de CO2.<\/strong><\/p>\n<p>Nos \u00faltimos meses, a energia fotovoltaica desceu o pre\u00e7o das horas de maior consumo (entre as 10h00 e as 19h00) para 3,91 euros\/megawatt hora (MWh), enquanto nas restantes a m\u00e9dia tem rondado os 40 euros\/ MWh, com acr\u00e9scimos at\u00e9 63,44 euros\/MWh nas horas de ponta (21h00).[\/et_pb_text][\/et_pb_column][\/et_pb_row][\/et_pb_section]<\/p>\n","protected":false},"excerpt":{"rendered":"<p>Pela primeira vez na hist\u00f3ria, a energia solar fotovoltaica tornou-se a tecnologia l\u00edder no mix de gera\u00e7\u00e3o espanhol em maio, com 23,8% do total, segundo dados da Red El\u00e9ctrica de Espa\u00f1a. Durante o m\u00eas, esta tecnologia produziu 5.098 gigawatts hora (GWh), valor que representa um aumento de 31,6% face a maio de 2023, tornando-se assim [&hellip;]<\/p>\n","protected":false},"author":3,"featured_media":9053,"comment_status":"open","ping_status":"open","sticky":false,"template":"","format":"standard","meta":{"_et_pb_use_builder":"on","_et_pb_old_content":"Pela primeira vez na hist\u00f3ria, a <strong>energia solar fotovoltaica<\/strong> tornou-se a <strong>tecnologia l\u00edder no mix de gera\u00e7\u00e3o espanhol<\/strong> <strong>em maio, com 23,8% do total<\/strong>, segundo dados da Red El\u00e9ctrica de Espa\u00f1a.\r\n\r\nDurante o m\u00eas, esta tecnologia<strong> produziu 5.098 gigawatts hora (GWh)<\/strong>, valor que representa um aumento de 31,6% face a maio de 2023, tornando-se assim num <strong>m\u00e1ximo hist\u00f3rico tanto de produ\u00e7\u00e3o como de quota.<\/strong>\r\n\r\nAl\u00e9m disso, no dia 24 de maio, a central solar bateu o recorde de produ\u00e7\u00e3o di\u00e1ria com 199 GWh, o que representou uma quota de 29% do total\r\n\r\nNeste m\u00eas de maio, as renov\u00e1veis \u200b\u200b\u200b\u200bgeraram 13.520 GWh, mais 16,4% do que em maio do ano passado, e atingiram uma quota no total de 63%.\r\n\r\nA seguir \u00e0 solar fotovoltaica, <strong>a e\u00f3lica foi a segunda tecnologia com maior produ\u00e7\u00e3o de eletricidade em maio<\/strong>, com 20,2% do total; seguido do nuclear (16,5%), hidr\u00e1ulico (14,3%) e ciclos combinados (8,9%).\r\n\r\n<strong>No acumulado do ano, a energia e\u00f3lica lidera a contribui\u00e7\u00e3o para o \u2018mix\u2019,<\/strong> com 25,2%; \u00e0 frente do nuclear (18,3%), hidr\u00e1ulica (16,9%), solar fotovoltaica (15,1%) e ciclos combinados (10,4%).\r\n\r\nCom este impulso das energias renov\u00e1veis, <strong>81,4% da eletricidade produzida em Espanha durante o m\u00eas de maio ficou isenta de emiss\u00f5es equivalentes de CO2.<\/strong>\r\n\r\nNos \u00faltimos meses, a energia fotovoltaica desceu o pre\u00e7o das horas de maior consumo (entre as 10h00 e as 19h00) para 3,91 euros\/megawatt hora (MWh), enquanto nas restantes a m\u00e9dia tem rondado os 40 euros\/ MWh, com acr\u00e9scimos at\u00e9 63,44 euros\/MWh nas horas de ponta (21h00).","_et_gb_content_width":"","footnotes":""},"categories":[89,53,11,68],"tags":[],"class_list":["post-9253","post","type-post","status-publish","format-standard","has-post-thumbnail","hentry","category-fotovoltaica-pt-pt","category-fotovoltaica","category-lo-leido","category-o-que-ler"],"yoast_head":"<!-- This site is optimized with the Yoast SEO plugin v25.1 - https:\/\/yoast.com\/wordpress\/plugins\/seo\/ -->\n<title>A energia solar fotovoltaica lidera o \u2018mix\u2019 el\u00e9trico pela primeira vez na hist\u00f3ria - Calef\u00f3n<\/title>\n<meta name=\"description\" content=\"Pela primeira vez na hist\u00f3ria, a energia solar fotovoltaica tornou-se a tecnologia l\u00edder no mix de gera\u00e7\u00e3o espanhol em maio, com 23,8% do total, segundo dados da Red El\u00e9ctrica de Espa\u00f1a.\" \/>\n<meta name=\"robots\" content=\"index, follow, max-snippet:-1, max-image-preview:large, max-video-preview:-1\" \/>\n<link rel=\"canonical\" href=\"https:\/\/calefon.es\/pt-pt\/a-energia-solar-fotovoltaica-lidera-o-mix-eletrico-pela-primeira-vez-na-historia\/\" \/>\n<meta property=\"og:locale\" content=\"pt_PT\" \/>\n<meta property=\"og:type\" content=\"article\" \/>\n<meta property=\"og:title\" content=\"A energia solar fotovoltaica lidera o \u2018mix\u2019 el\u00e9trico pela primeira vez na hist\u00f3ria - Calef\u00f3n\" \/>\n<meta property=\"og:description\" content=\"Pela primeira vez na hist\u00f3ria, a energia solar fotovoltaica tornou-se a tecnologia l\u00edder no mix de gera\u00e7\u00e3o espanhol em maio, com 23,8% do total, segundo dados da Red El\u00e9ctrica de Espa\u00f1a.\" \/>\n<meta property=\"og:url\" content=\"https:\/\/calefon.es\/pt-pt\/a-energia-solar-fotovoltaica-lidera-o-mix-eletrico-pela-primeira-vez-na-historia\/\" \/>\n<meta property=\"og:site_name\" content=\"Calef\u00f3n\" \/>\n<meta property=\"article:published_time\" content=\"2024-07-18T06:30:34+00:00\" \/>\n<meta property=\"article:modified_time\" content=\"2024-07-18T06:41:17+00:00\" \/>\n<meta property=\"og:image\" content=\"https:\/\/calefon.es\/wp-content\/uploads\/2024\/07\/FOTO_NOTICIA_WEB_SOSTENIBILIDAD-scaled.jpg\" \/>\n\t<meta property=\"og:image:width\" content=\"2560\" \/>\n\t<meta property=\"og:image:height\" content=\"1460\" \/>\n\t<meta property=\"og:image:type\" content=\"image\/jpeg\" \/>\n<meta name=\"author\" content=\"mariam@calefon.es\" \/>\n<meta name=\"twitter:card\" content=\"summary_large_image\" \/>\n<meta name=\"twitter:label1\" content=\"Escrito por\" \/>\n\t<meta name=\"twitter:data1\" content=\"mariam@calefon.es\" \/>\n\t<meta name=\"twitter:label2\" content=\"Tempo estimado de leitura\" \/>\n\t<meta name=\"twitter:data2\" content=\"2 minutos\" \/>\n<script type=\"application\/ld+json\" class=\"yoast-schema-graph\">{\"@context\":\"https:\/\/schema.org\",\"@graph\":[{\"@type\":\"WebPage\",\"@id\":\"https:\/\/calefon.es\/pt-pt\/a-energia-solar-fotovoltaica-lidera-o-mix-eletrico-pela-primeira-vez-na-historia\/\",\"url\":\"https:\/\/calefon.es\/pt-pt\/a-energia-solar-fotovoltaica-lidera-o-mix-eletrico-pela-primeira-vez-na-historia\/\",\"name\":\"A energia solar fotovoltaica lidera o \u2018mix\u2019 el\u00e9trico pela primeira vez na hist\u00f3ria - Calef\u00f3n\",\"isPartOf\":{\"@id\":\"https:\/\/calefon.es\/pt-pt\/#website\"},\"primaryImageOfPage\":{\"@id\":\"https:\/\/calefon.es\/pt-pt\/a-energia-solar-fotovoltaica-lidera-o-mix-eletrico-pela-primeira-vez-na-historia\/#primaryimage\"},\"image\":{\"@id\":\"https:\/\/calefon.es\/pt-pt\/a-energia-solar-fotovoltaica-lidera-o-mix-eletrico-pela-primeira-vez-na-historia\/#primaryimage\"},\"thumbnailUrl\":\"https:\/\/calefon.es\/wp-content\/uploads\/2024\/07\/FOTO_NOTICIA_WEB_SOSTENIBILIDAD-scaled.jpg\",\"datePublished\":\"2024-07-18T06:30:34+00:00\",\"dateModified\":\"2024-07-18T06:41:17+00:00\",\"author\":{\"@id\":\"https:\/\/calefon.es\/pt-pt\/#\/schema\/person\/78ba76066466424d5ec1ddad6febfdf1\"},\"description\":\"Pela primeira vez na hist\u00f3ria, a energia solar fotovoltaica tornou-se a tecnologia l\u00edder no mix de gera\u00e7\u00e3o espanhol em maio, com 23,8% do total, segundo dados da Red El\u00e9ctrica de Espa\u00f1a.\",\"breadcrumb\":{\"@id\":\"https:\/\/calefon.es\/pt-pt\/a-energia-solar-fotovoltaica-lidera-o-mix-eletrico-pela-primeira-vez-na-historia\/#breadcrumb\"},\"inLanguage\":\"pt-PT\",\"potentialAction\":[{\"@type\":\"ReadAction\",\"target\":[\"https:\/\/calefon.es\/pt-pt\/a-energia-solar-fotovoltaica-lidera-o-mix-eletrico-pela-primeira-vez-na-historia\/\"]}]},{\"@type\":\"ImageObject\",\"inLanguage\":\"pt-PT\",\"@id\":\"https:\/\/calefon.es\/pt-pt\/a-energia-solar-fotovoltaica-lidera-o-mix-eletrico-pela-primeira-vez-na-historia\/#primaryimage\",\"url\":\"https:\/\/calefon.es\/wp-content\/uploads\/2024\/07\/FOTO_NOTICIA_WEB_SOSTENIBILIDAD-scaled.jpg\",\"contentUrl\":\"https:\/\/calefon.es\/wp-content\/uploads\/2024\/07\/FOTO_NOTICIA_WEB_SOSTENIBILIDAD-scaled.jpg\",\"width\":2560,\"height\":1460},{\"@type\":\"BreadcrumbList\",\"@id\":\"https:\/\/calefon.es\/pt-pt\/a-energia-solar-fotovoltaica-lidera-o-mix-eletrico-pela-primeira-vez-na-historia\/#breadcrumb\",\"itemListElement\":[{\"@type\":\"ListItem\",\"position\":1,\"name\":\"Home\",\"item\":\"https:\/\/calefon.es\/pt-pt\/\"},{\"@type\":\"ListItem\",\"position\":2,\"name\":\"A energia solar fotovoltaica lidera o \u2018mix\u2019 el\u00e9trico pela primeira vez na hist\u00f3ria\"}]},{\"@type\":\"WebSite\",\"@id\":\"https:\/\/calefon.es\/pt-pt\/#website\",\"url\":\"https:\/\/calefon.es\/pt-pt\/\",\"name\":\"Calef\u00f3n\",\"description\":\"\",\"potentialAction\":[{\"@type\":\"SearchAction\",\"target\":{\"@type\":\"EntryPoint\",\"urlTemplate\":\"https:\/\/calefon.es\/pt-pt\/?s={search_term_string}\"},\"query-input\":{\"@type\":\"PropertyValueSpecification\",\"valueRequired\":true,\"valueName\":\"search_term_string\"}}],\"inLanguage\":\"pt-PT\"},{\"@type\":\"Person\",\"@id\":\"https:\/\/calefon.es\/pt-pt\/#\/schema\/person\/78ba76066466424d5ec1ddad6febfdf1\",\"name\":\"mariam@calefon.es\",\"image\":{\"@type\":\"ImageObject\",\"inLanguage\":\"pt-PT\",\"@id\":\"https:\/\/calefon.es\/pt-pt\/#\/schema\/person\/image\/\",\"url\":\"https:\/\/secure.gravatar.com\/avatar\/8d674f802291b9c59e84e87204e3eb72c8cf8fb837b707faee42712c33066788?s=96&d=mm&r=g\",\"contentUrl\":\"https:\/\/secure.gravatar.com\/avatar\/8d674f802291b9c59e84e87204e3eb72c8cf8fb837b707faee42712c33066788?s=96&d=mm&r=g\",\"caption\":\"mariam@calefon.es\"},\"url\":\"https:\/\/calefon.es\/pt-pt\/author\/mariamcalefon-es\/\"}]}<\/script>\n<!-- \/ Yoast SEO plugin. -->","yoast_head_json":{"title":"A energia solar fotovoltaica lidera o \u2018mix\u2019 el\u00e9trico pela primeira vez na hist\u00f3ria - Calef\u00f3n","description":"Pela primeira vez na hist\u00f3ria, a energia solar fotovoltaica tornou-se a tecnologia l\u00edder no mix de gera\u00e7\u00e3o espanhol em maio, com 23,8% do total, segundo dados da Red El\u00e9ctrica de Espa\u00f1a.","robots":{"index":"index","follow":"follow","max-snippet":"max-snippet:-1","max-image-preview":"max-image-preview:large","max-video-preview":"max-video-preview:-1"},"canonical":"https:\/\/calefon.es\/pt-pt\/a-energia-solar-fotovoltaica-lidera-o-mix-eletrico-pela-primeira-vez-na-historia\/","og_locale":"pt_PT","og_type":"article","og_title":"A energia solar fotovoltaica lidera o \u2018mix\u2019 el\u00e9trico pela primeira vez na hist\u00f3ria - Calef\u00f3n","og_description":"Pela primeira vez na hist\u00f3ria, a energia solar fotovoltaica tornou-se a tecnologia l\u00edder no mix de gera\u00e7\u00e3o espanhol em maio, com 23,8% do total, segundo dados da Red El\u00e9ctrica de Espa\u00f1a.","og_url":"https:\/\/calefon.es\/pt-pt\/a-energia-solar-fotovoltaica-lidera-o-mix-eletrico-pela-primeira-vez-na-historia\/","og_site_name":"Calef\u00f3n","article_published_time":"2024-07-18T06:30:34+00:00","article_modified_time":"2024-07-18T06:41:17+00:00","og_image":[{"width":2560,"height":1460,"url":"https:\/\/calefon.es\/wp-content\/uploads\/2024\/07\/FOTO_NOTICIA_WEB_SOSTENIBILIDAD-scaled.jpg","type":"image\/jpeg"}],"author":"mariam@calefon.es","twitter_card":"summary_large_image","twitter_misc":{"Escrito por":"mariam@calefon.es","Tempo estimado de leitura":"2 minutos"},"schema":{"@context":"https:\/\/schema.org","@graph":[{"@type":"WebPage","@id":"https:\/\/calefon.es\/pt-pt\/a-energia-solar-fotovoltaica-lidera-o-mix-eletrico-pela-primeira-vez-na-historia\/","url":"https:\/\/calefon.es\/pt-pt\/a-energia-solar-fotovoltaica-lidera-o-mix-eletrico-pela-primeira-vez-na-historia\/","name":"A energia solar fotovoltaica lidera o \u2018mix\u2019 el\u00e9trico pela primeira vez na hist\u00f3ria - Calef\u00f3n","isPartOf":{"@id":"https:\/\/calefon.es\/pt-pt\/#website"},"primaryImageOfPage":{"@id":"https:\/\/calefon.es\/pt-pt\/a-energia-solar-fotovoltaica-lidera-o-mix-eletrico-pela-primeira-vez-na-historia\/#primaryimage"},"image":{"@id":"https:\/\/calefon.es\/pt-pt\/a-energia-solar-fotovoltaica-lidera-o-mix-eletrico-pela-primeira-vez-na-historia\/#primaryimage"},"thumbnailUrl":"https:\/\/calefon.es\/wp-content\/uploads\/2024\/07\/FOTO_NOTICIA_WEB_SOSTENIBILIDAD-scaled.jpg","datePublished":"2024-07-18T06:30:34+00:00","dateModified":"2024-07-18T06:41:17+00:00","author":{"@id":"https:\/\/calefon.es\/pt-pt\/#\/schema\/person\/78ba76066466424d5ec1ddad6febfdf1"},"description":"Pela primeira vez na hist\u00f3ria, a energia solar fotovoltaica tornou-se a tecnologia l\u00edder no mix de gera\u00e7\u00e3o espanhol em maio, com 23,8% do total, segundo dados da Red El\u00e9ctrica de Espa\u00f1a.","breadcrumb":{"@id":"https:\/\/calefon.es\/pt-pt\/a-energia-solar-fotovoltaica-lidera-o-mix-eletrico-pela-primeira-vez-na-historia\/#breadcrumb"},"inLanguage":"pt-PT","potentialAction":[{"@type":"ReadAction","target":["https:\/\/calefon.es\/pt-pt\/a-energia-solar-fotovoltaica-lidera-o-mix-eletrico-pela-primeira-vez-na-historia\/"]}]},{"@type":"ImageObject","inLanguage":"pt-PT","@id":"https:\/\/calefon.es\/pt-pt\/a-energia-solar-fotovoltaica-lidera-o-mix-eletrico-pela-primeira-vez-na-historia\/#primaryimage","url":"https:\/\/calefon.es\/wp-content\/uploads\/2024\/07\/FOTO_NOTICIA_WEB_SOSTENIBILIDAD-scaled.jpg","contentUrl":"https:\/\/calefon.es\/wp-content\/uploads\/2024\/07\/FOTO_NOTICIA_WEB_SOSTENIBILIDAD-scaled.jpg","width":2560,"height":1460},{"@type":"BreadcrumbList","@id":"https:\/\/calefon.es\/pt-pt\/a-energia-solar-fotovoltaica-lidera-o-mix-eletrico-pela-primeira-vez-na-historia\/#breadcrumb","itemListElement":[{"@type":"ListItem","position":1,"name":"Home","item":"https:\/\/calefon.es\/pt-pt\/"},{"@type":"ListItem","position":2,"name":"A energia solar fotovoltaica lidera o \u2018mix\u2019 el\u00e9trico pela primeira vez na hist\u00f3ria"}]},{"@type":"WebSite","@id":"https:\/\/calefon.es\/pt-pt\/#website","url":"https:\/\/calefon.es\/pt-pt\/","name":"Calef\u00f3n","description":"","potentialAction":[{"@type":"SearchAction","target":{"@type":"EntryPoint","urlTemplate":"https:\/\/calefon.es\/pt-pt\/?s={search_term_string}"},"query-input":{"@type":"PropertyValueSpecification","valueRequired":true,"valueName":"search_term_string"}}],"inLanguage":"pt-PT"},{"@type":"Person","@id":"https:\/\/calefon.es\/pt-pt\/#\/schema\/person\/78ba76066466424d5ec1ddad6febfdf1","name":"mariam@calefon.es","image":{"@type":"ImageObject","inLanguage":"pt-PT","@id":"https:\/\/calefon.es\/pt-pt\/#\/schema\/person\/image\/","url":"https:\/\/secure.gravatar.com\/avatar\/8d674f802291b9c59e84e87204e3eb72c8cf8fb837b707faee42712c33066788?s=96&d=mm&r=g","contentUrl":"https:\/\/secure.gravatar.com\/avatar\/8d674f802291b9c59e84e87204e3eb72c8cf8fb837b707faee42712c33066788?s=96&d=mm&r=g","caption":"mariam@calefon.es"},"url":"https:\/\/calefon.es\/pt-pt\/author\/mariamcalefon-es\/"}]}},"_links":{"self":[{"href":"https:\/\/calefon.es\/pt-pt\/wp-json\/wp\/v2\/posts\/9253","targetHints":{"allow":["GET"]}}],"collection":[{"href":"https:\/\/calefon.es\/pt-pt\/wp-json\/wp\/v2\/posts"}],"about":[{"href":"https:\/\/calefon.es\/pt-pt\/wp-json\/wp\/v2\/types\/post"}],"author":[{"embeddable":true,"href":"https:\/\/calefon.es\/pt-pt\/wp-json\/wp\/v2\/users\/3"}],"replies":[{"embeddable":true,"href":"https:\/\/calefon.es\/pt-pt\/wp-json\/wp\/v2\/comments?post=9253"}],"version-history":[{"count":4,"href":"https:\/\/calefon.es\/pt-pt\/wp-json\/wp\/v2\/posts\/9253\/revisions"}],"predecessor-version":[{"id":9259,"href":"https:\/\/calefon.es\/pt-pt\/wp-json\/wp\/v2\/posts\/9253\/revisions\/9259"}],"wp:featuredmedia":[{"embeddable":true,"href":"https:\/\/calefon.es\/pt-pt\/wp-json\/wp\/v2\/media\/9053"}],"wp:attachment":[{"href":"https:\/\/calefon.es\/pt-pt\/wp-json\/wp\/v2\/media?parent=9253"}],"wp:term":[{"taxonomy":"category","embeddable":true,"href":"https:\/\/calefon.es\/pt-pt\/wp-json\/wp\/v2\/categories?post=9253"},{"taxonomy":"post_tag","embeddable":true,"href":"https:\/\/calefon.es\/pt-pt\/wp-json\/wp\/v2\/tags?post=9253"}],"curies":[{"name":"wp","href":"https:\/\/api.w.org\/{rel}","templated":true}]}}